{"id":1469,"date":"2023-02-03T07:21:57","date_gmt":"2023-02-03T07:21:57","guid":{"rendered":"https:\/\/posadzimy.pl\/blog\/?p=1469"},"modified":"2023-10-10T13:51:56","modified_gmt":"2023-10-10T13:51:56","slug":"sadzenie-cykliczne-w-posadzimy-pl","status":"publish","type":"post","link":"https:\/\/posadzimy.pl\/blog\/sadzenie-cykliczne-w-posadzimy-pl\/","title":{"rendered":"Sadzenie cykliczne drzew w Posadzimy.pl"},"content":{"rendered":"<p>Z\u00a0 Posadzimy.pl mo\u017cesz sadzi\u0107, jak tylko chcesz i za co tylko chcesz. Mo\u017cesz posadzi\u0107 1, 2 lub 1ooo drzew jednorazowo lub postawi\u0107 na sadzenie cykliczne i co jaki\u015b czas dodawa\u0107 swoj\u0105 cegie\u0142k\u0119 do poprawy stanu las\u00f3w. Sposob\u00f3w na sadzenie mamy du\u017co &#8211; firmy jednak coraz cz\u0119\u015bciej zaczynaj\u0105 wykorzystywa\u0107 sadzenie cykliczne, kt\u00f3re zapewnia ci\u0105g\u0142y rozw\u00f3j firmy w strategii <a href=\"https:\/\/posadzimy.pl\/csr\/\">CSR<\/a>. Chcesz wiedzie\u0107 wi\u0119cej o tym, jak mo\u017cesz sadzi\u0107? Zobacz, jakie mo\u017cliwo\u015bci mo\u017ce przynie\u015b\u0107 dla Twojej firmy sadzenie cykliczne \ud83d\ude42<\/p>\n<h4>Sadzenie cykliczne &#8211; jako nietypowe rozwi\u0105zanie na rozw\u00f3j Twojej firmy<\/h4>\n<p>Zadbaj o stworzenie d\u0142ugoterminowych i lojalnych relacji z Twoimi Klientami, zach\u0119caj ich do cz\u0119stszych zakup\u00f3w lub do innych dzia\u0142a\u0144 w obr\u0119bie Twojej firmy. Integracja <a href=\"https:\/\/posadzimy.pl\/\">sadzenia drzew<\/a> w dzia\u0142ania Twojej firmy mo\u017ce sta\u0107 si\u0119 ciekawym sposobem na rozw\u00f3j Twojej firmy &#8211; w bardzo prosty spos\u00f3b! <a href=\"https:\/\/posadzimy.pl\/\">Sadzenie drzew<\/a> cyklicznie wp\u0142ywa na wizerunek i reputacje marki d\u0142ugoterminowo. Zwi\u0119ksza tak\u017ce zaanga\u017cowanie i motywacje pracownik\u00f3w w firmie przyjaznej \u015brodowisku. Wdra\u017canie cyklicznych inicjatyw tworzy pozytywne \u015brodowisko pracy, a tak\u017ce zwi\u0119ksza atrakcyjno\u015b\u0107 firmy na rynku pracy &#8211; dzi\u0119ki czemu firma przyci\u0105ga nowe talenty, a osoby ju\u017c pracuj\u0105ce bardziej uto\u017csamiaj\u0105 si\u0119 z warto\u015bciami z firmy i ch\u0119tniej w niej zostaj\u0105 na d\u0142u\u017cej \ud83d\ude42 I to w\u0142a\u015bnie najwa\u017cniejsze &#8211; kilka chwil sp\u0119dzonych na integracji <a href=\"https:\/\/posadzimy.pl\/\">sadzenia drzew<\/a> wp\u0142ywa na d\u0142ugoterminowe korzy\u015bci, kt\u00f3re firma mo\u017ce z ich czerpa\u0107. Bo dbanie o ekologie to ci\u0105g\u0142y rozw\u00f3j! \ud83d\ude42<\/p>\n<h4>Za co mo\u017cesz sadzi\u0107?<\/h4>\n<p>Sprawdzonych sposob\u00f3w jest wiele, pomys\u0142\u00f3w na nowe rozwi\u0105zania jeszcze wi\u0119cej. Wsp\u00f3\u0142pracujemy z setkami firm z r\u00f3\u017cnych bran\u017c, zatem kreatywne zastosowanie i integracja <a href=\"https:\/\/posadzimy.pl\/\">sadzenia drzew<\/a> z dzia\u0142aniami r\u00f3\u017cnorodnych firmy nie s\u0105 nam obce \ud83d\ude42\u00a0<\/p>\n<p><strong>Za co sadz\u0105 nasi Partnerzy?<\/strong><\/p>\n<ul>\n<li>drzewo za ka\u017cdy zakup<\/li>\n<li>za zapisanie do newslettera<\/li>\n<li>sadzenie za okre\u015blon\u0105 sum\u0119 wydan\u0105 w sklepie<\/li>\n<li>za zakupy z wyprzeda\u017cy<\/li>\n<li>sadzonka za pierwsze zam\u00f3wienie<\/li>\n<li>z okazji urodzin<\/li>\n<li>za okr\u0105g\u0142e zam\u00f3wienie<\/li>\n<li>za rejestracj\u0119 w sklepie<\/li>\n<li>drzewo za wyb\u00f3r faktury elektronicznej<\/li>\n<li>jako gratis do zakup\u00f3w<\/li>\n<li>za napisanie opinii\u00a0<\/li>\n<li>za co tylko chc\u0105!<\/li>\n<\/ul>\n<h4>Wykorzystaj mo\u017cliwo\u015bci wtyczki Posadzimy &#8211; i zautomatyzuj swoje sadzenie \ud83d\ude42<\/h4>\n<p>Nie chcesz przeklikiwa\u0107 i sadzi\u0107 ka\u017cdego drzewka osobno? Jest to jak najbardziej zrozumia\u0142e! Pozw\u00f3l, \u017ce nasz system zrobi to za Ciebie! \ud83d\ude42 Po\u0142\u0105czenie e-sklepu z systemem Posadzimy.pl to spos\u00f3b na szybkie i w 100% automatyczne sadzenie! Podpi\u0119cie naszych wtyczek dla woocoomerce i prestashop, a tak\u017ce API to tylko chwila. Zaoszcz\u0119d\u017a czas i zapewnij sobie i swoim Klientom mo\u017cliwo\u015bci szybkiego <a href=\"https:\/\/posadzimy.pl\/\">sadzenia drzew<\/a> za co tylko chcesz. Wi\u0119cej o naszych wtyczkach i integracji ich z Twoj\u0105 stron\u0105 przeczytasz tutaj: <a href=\"https:\/\/posadzimy.pl\/integracje\/\" target=\"_blank\" rel=\"noopener\">Automatyzacje<\/a>\u00a0<\/p>\n<h4>Posad\u017a swoje firmowe drzewo i postaw na rozw\u00f3j swojej firmy!<\/h4>\n<p>Ju\u017c wiesz, czemu sadzenie cykliczne jest ciekaw\u0105 opcj\u0105 dla Twojej firmy. Jednak wiesz ju\u017c, jak chcesz sadzi\u0107? Mo\u017cesz wybra\u0107 z pomys\u0142\u00f3w, kt\u00f3re Ci zaprezentowali\u015bmy, wymy\u015bli\u0107 w\u0142asny spos\u00f3b lub daj nam zna\u0107 &#8211; a wsp\u00f3lnie wymy\u015blimy idealne rozwi\u0105zanie dla Twojej firmy. My pomys\u0142\u00f3w mamy wiele, wi\u0119c na pewno uda nam si\u0119 co\u015b zdzia\u0142a\u0107. \ud83d\ude42 <a href=\"http:\/\/posadzimy.pl\">Skontaktuj si\u0119 z nami i zobacz, co dobrego mo\u017cemy razem zrobi\u0107 &#8211; dla Twojej Firmy i naszych las\u00f3w.<\/a><\/p>\n","protected":false},"excerpt":{"rendered":"<p>Z\u00a0 Posadzimy.pl mo\u017cesz sadzi\u0107, jak tylko chcesz i za co tylko chcesz. Mo\u017cesz posadzi\u0107 1, 2 lub 1ooo drzew jednorazowo lub postawi\u0107 na sadzenie cykliczne i co jaki\u015b czas dodawa\u0107 swoj\u0105 cegie\u0142k\u0119 do poprawy stanu las\u00f3w. Sposob\u00f3w na sadzenie mamy du\u017co &#8211; firmy jednak coraz cz\u0119\u015bciej zaczynaj\u0105 wykorzystywa\u0107 sadzenie cykliczne, kt\u00f3re zapewnia ci\u0105g\u0142y rozw\u00f3j firmy [&hellip;]<\/p>\n","protected":false},"author":11,"featured_media":1477,"comment_status":"open","ping_status":"closed","sticky":false,"template":"","format":"standard","meta":{"_acf_changed":false,"footnotes":""},"categories":[1],"tags":[],"class_list":["post-1469","post","type-post","status-publish","format-standard","has-post-thumbnail","hentry","category-csr"],"acf":[],"yoast_head":"<!-- This site is optimized with the Yoast SEO plugin v24.3 - https:\/\/yoast.com\/wordpress\/plugins\/seo\/ -->\n<title>Sadzenie cykliczne drzew w Posadzimy.pl - Blog Posadzimy.pl<\/title>\n<meta name=\"description\" content=\"Z\u00a0 Posadzimy.pl mo\u017cesz sadzi\u0107, jak tylko chcesz i za co tylko chcesz. Mo\u017cesz posadzi\u0107 1, 2 lub 1ooo drzew jednorazowo lub postawi\u0107 na sadzenie cykliczne i co jaki\u015b czas dodawa\u0107 swoj\u0105 cegie\u0142k\u0119 do poprawy stanu las\u00f3w. Sposob\u00f3w na sadzenie mamy du\u017co! Firmy jednak coraz cz\u0119\u015bciej zaczynaj\u0105 stawia\u0107 na sadzenie cykliczne, kt\u00f3re zapewnia ci\u0105g\u0142y rozw\u00f3j firmy w strategii CSR. Zobacz, jakie mo\u017cliwo\u015bci mo\u017ce przynie\u015b\u0107 dla Twojej firmy sadzenie cykliczne :)\" \/>\n<meta name=\"robots\" content=\"index, follow, max-snippet:-1, max-image-preview:large, max-video-preview:-1\" \/>\n<link rel=\"canonical\" href=\"https:\/\/posadzimy.pl\/blog\/sadzenie-cykliczne-w-posadzimy-pl\/\" \/>\n<meta property=\"og:locale\" content=\"pl_PL\" \/>\n<meta property=\"og:type\" content=\"article\" \/>\n<meta property=\"og:title\" content=\"Sadzenie cykliczne drzew w Posadzimy.pl - Blog Posadzimy.pl\" \/>\n<meta property=\"og:description\" content=\"Z\u00a0 Posadzimy.pl mo\u017cesz sadzi\u0107, jak tylko chcesz i za co tylko chcesz. Mo\u017cesz posadzi\u0107 1, 2 lub 1ooo drzew jednorazowo lub postawi\u0107 na sadzenie cykliczne i co jaki\u015b czas dodawa\u0107 swoj\u0105 cegie\u0142k\u0119 do poprawy stanu las\u00f3w. Sposob\u00f3w na sadzenie mamy du\u017co! Firmy jednak coraz cz\u0119\u015bciej zaczynaj\u0105 stawia\u0107 na sadzenie cykliczne, kt\u00f3re zapewnia ci\u0105g\u0142y rozw\u00f3j firmy w strategii CSR. Zobacz, jakie mo\u017cliwo\u015bci mo\u017ce przynie\u015b\u0107 dla Twojej firmy sadzenie cykliczne :)\" \/>\n<meta property=\"og:url\" content=\"https:\/\/posadzimy.pl\/blog\/sadzenie-cykliczne-w-posadzimy-pl\/\" \/>\n<meta property=\"og:site_name\" content=\"Blog Posadzimy.pl\" \/>\n<meta property=\"article:published_time\" content=\"2023-02-03T07:21:57+00:00\" \/>\n<meta property=\"article:modified_time\" content=\"2023-10-10T13:51:56+00:00\" \/>\n<meta property=\"og:image\" content=\"https:\/\/posadzimy.pl\/blog\/wp-content\/uploads\/2023\/02\/DSC06720-2-scaled-e1675404591637.jpg\" \/>\n\t<meta property=\"og:image:width\" content=\"1913\" \/>\n\t<meta property=\"og:image:height\" content=\"921\" \/>\n\t<meta property=\"og:image:type\" content=\"image\/jpeg\" \/>\n<meta name=\"author\" content=\"Daria Niezabitowska\" \/>\n<meta name=\"twitter:card\" content=\"summary_large_image\" \/>\n<meta name=\"twitter:label1\" content=\"Napisane przez\" \/>\n\t<meta name=\"twitter:data1\" content=\"Daria Niezabitowska\" \/>\n\t<meta name=\"twitter:label2\" content=\"Szacowany czas czytania\" \/>\n\t<meta name=\"twitter:data2\" content=\"3 minuty\" \/>\n<script type=\"application\/ld+json\" class=\"yoast-schema-graph\">{\"@context\":\"https:\/\/schema.org\",\"@graph\":[{\"@type\":\"WebPage\",\"@id\":\"https:\/\/posadzimy.pl\/blog\/sadzenie-cykliczne-w-posadzimy-pl\/\",\"url\":\"https:\/\/posadzimy.pl\/blog\/sadzenie-cykliczne-w-posadzimy-pl\/\",\"name\":\"Sadzenie cykliczne drzew w Posadzimy.pl - Blog Posadzimy.pl\",\"isPartOf\":{\"@id\":\"https:\/\/posadzimy.pl\/blog\/#website\"},\"primaryImageOfPage\":{\"@id\":\"https:\/\/posadzimy.pl\/blog\/sadzenie-cykliczne-w-posadzimy-pl\/#primaryimage\"},\"image\":{\"@id\":\"https:\/\/posadzimy.pl\/blog\/sadzenie-cykliczne-w-posadzimy-pl\/#primaryimage\"},\"thumbnailUrl\":\"https:\/\/posadzimy.pl\/blog\/wp-content\/uploads\/2023\/02\/DSC06720-2-scaled-e1675404591637.jpg\",\"datePublished\":\"2023-02-03T07:21:57+00:00\",\"dateModified\":\"2023-10-10T13:51:56+00:00\",\"author\":{\"@id\":\"https:\/\/posadzimy.pl\/blog\/#\/schema\/person\/2e575db2d3677040ef5cce5278948e0c\"},\"description\":\"Z\u00a0 Posadzimy.pl mo\u017cesz sadzi\u0107, jak tylko chcesz i za co tylko chcesz. Mo\u017cesz posadzi\u0107 1, 2 lub 1ooo drzew jednorazowo lub postawi\u0107 na sadzenie cykliczne i co jaki\u015b czas dodawa\u0107 swoj\u0105 cegie\u0142k\u0119 do poprawy stanu las\u00f3w. Sposob\u00f3w na sadzenie mamy du\u017co! Firmy jednak coraz cz\u0119\u015bciej zaczynaj\u0105 stawia\u0107 na sadzenie cykliczne, kt\u00f3re zapewnia ci\u0105g\u0142y rozw\u00f3j firmy w strategii CSR. Zobacz, jakie mo\u017cliwo\u015bci mo\u017ce przynie\u015b\u0107 dla Twojej firmy sadzenie cykliczne :)\",\"breadcrumb\":{\"@id\":\"https:\/\/posadzimy.pl\/blog\/sadzenie-cykliczne-w-posadzimy-pl\/#breadcrumb\"},\"inLanguage\":\"pl-PL\",\"potentialAction\":[{\"@type\":\"ReadAction\",\"target\":[\"https:\/\/posadzimy.pl\/blog\/sadzenie-cykliczne-w-posadzimy-pl\/\"]}]},{\"@type\":\"ImageObject\",\"inLanguage\":\"pl-PL\",\"@id\":\"https:\/\/posadzimy.pl\/blog\/sadzenie-cykliczne-w-posadzimy-pl\/#primaryimage\",\"url\":\"https:\/\/posadzimy.pl\/blog\/wp-content\/uploads\/2023\/02\/DSC06720-2-scaled-e1675404591637.jpg\",\"contentUrl\":\"https:\/\/posadzimy.pl\/blog\/wp-content\/uploads\/2023\/02\/DSC06720-2-scaled-e1675404591637.jpg\",\"width\":1913,\"height\":921},{\"@type\":\"BreadcrumbList\",\"@id\":\"https:\/\/posadzimy.pl\/blog\/sadzenie-cykliczne-w-posadzimy-pl\/#breadcrumb\",\"itemListElement\":[{\"@type\":\"ListItem\",\"position\":1,\"name\":\"Strona g\u0142\u00f3wna\",\"item\":\"https:\/\/posadzimy.pl\/blog\/\"},{\"@type\":\"ListItem\",\"position\":2,\"name\":\"Sadzenie cykliczne drzew w Posadzimy.pl\"}]},{\"@type\":\"WebSite\",\"@id\":\"https:\/\/posadzimy.pl\/blog\/#website\",\"url\":\"https:\/\/posadzimy.pl\/blog\/\",\"name\":\"Blog Posadzimy.pl\",\"description\":\"informacje o ekologi, CSR oraz projekcie Posadzimy.pl\",\"potentialAction\":[{\"@type\":\"SearchAction\",\"target\":{\"@type\":\"EntryPoint\",\"urlTemplate\":\"https:\/\/posadzimy.pl\/blog\/?s={search_term_string}\"},\"query-input\":{\"@type\":\"PropertyValueSpecification\",\"valueRequired\":true,\"valueName\":\"search_term_string\"}}],\"inLanguage\":\"pl-PL\"},{\"@type\":\"Person\",\"@id\":\"https:\/\/posadzimy.pl\/blog\/#\/schema\/person\/2e575db2d3677040ef5cce5278948e0c\",\"name\":\"Daria Niezabitowska\",\"image\":{\"@type\":\"ImageObject\",\"inLanguage\":\"pl-PL\",\"@id\":\"https:\/\/posadzimy.pl\/blog\/#\/schema\/person\/image\/\",\"url\":\"https:\/\/posadzimy.pl\/blog\/wp-content\/uploads\/2022\/05\/daria-150x150.png\",\"contentUrl\":\"https:\/\/posadzimy.pl\/blog\/wp-content\/uploads\/2022\/05\/daria-150x150.png\",\"caption\":\"Daria Niezabitowska\"},\"url\":\"https:\/\/posadzimy.pl\/blog\/autor\/daria\/\"}]}<\/script>\n<!-- \/ Yoast SEO plugin. -->","yoast_head_json":{"title":"Sadzenie cykliczne drzew w Posadzimy.pl - Blog Posadzimy.pl","description":"Z\u00a0 Posadzimy.pl mo\u017cesz sadzi\u0107, jak tylko chcesz i za co tylko chcesz. Mo\u017cesz posadzi\u0107 1, 2 lub 1ooo drzew jednorazowo lub postawi\u0107 na sadzenie cykliczne i co jaki\u015b czas dodawa\u0107 swoj\u0105 cegie\u0142k\u0119 do poprawy stanu las\u00f3w. Sposob\u00f3w na sadzenie mamy du\u017co! Firmy jednak coraz cz\u0119\u015bciej zaczynaj\u0105 stawia\u0107 na sadzenie cykliczne, kt\u00f3re zapewnia ci\u0105g\u0142y rozw\u00f3j firmy w strategii CSR. Zobacz, jakie mo\u017cliwo\u015bci mo\u017ce przynie\u015b\u0107 dla Twojej firmy sadzenie cykliczne :)","robots":{"index":"index","follow":"follow","max-snippet":"max-snippet:-1","max-image-preview":"max-image-preview:large","max-video-preview":"max-video-preview:-1"},"canonical":"https:\/\/posadzimy.pl\/blog\/sadzenie-cykliczne-w-posadzimy-pl\/","og_locale":"pl_PL","og_type":"article","og_title":"Sadzenie cykliczne drzew w Posadzimy.pl - Blog Posadzimy.pl","og_description":"Z\u00a0 Posadzimy.pl mo\u017cesz sadzi\u0107, jak tylko chcesz i za co tylko chcesz. Mo\u017cesz posadzi\u0107 1, 2 lub 1ooo drzew jednorazowo lub postawi\u0107 na sadzenie cykliczne i co jaki\u015b czas dodawa\u0107 swoj\u0105 cegie\u0142k\u0119 do poprawy stanu las\u00f3w. Sposob\u00f3w na sadzenie mamy du\u017co! Firmy jednak coraz cz\u0119\u015bciej zaczynaj\u0105 stawia\u0107 na sadzenie cykliczne, kt\u00f3re zapewnia ci\u0105g\u0142y rozw\u00f3j firmy w strategii CSR. Zobacz, jakie mo\u017cliwo\u015bci mo\u017ce przynie\u015b\u0107 dla Twojej firmy sadzenie cykliczne :)","og_url":"https:\/\/posadzimy.pl\/blog\/sadzenie-cykliczne-w-posadzimy-pl\/","og_site_name":"Blog Posadzimy.pl","article_published_time":"2023-02-03T07:21:57+00:00","article_modified_time":"2023-10-10T13:51:56+00:00","og_image":[{"width":1913,"height":921,"url":"https:\/\/posadzimy.pl\/blog\/wp-content\/uploads\/2023\/02\/DSC06720-2-scaled-e1675404591637.jpg","type":"image\/jpeg"}],"author":"Daria Niezabitowska","twitter_card":"summary_large_image","twitter_misc":{"Napisane przez":"Daria Niezabitowska","Szacowany czas czytania":"3 minuty"},"schema":{"@context":"https:\/\/schema.org","@graph":[{"@type":"WebPage","@id":"https:\/\/posadzimy.pl\/blog\/sadzenie-cykliczne-w-posadzimy-pl\/","url":"https:\/\/posadzimy.pl\/blog\/sadzenie-cykliczne-w-posadzimy-pl\/","name":"Sadzenie cykliczne drzew w Posadzimy.pl - Blog Posadzimy.pl","isPartOf":{"@id":"https:\/\/posadzimy.pl\/blog\/#website"},"primaryImageOfPage":{"@id":"https:\/\/posadzimy.pl\/blog\/sadzenie-cykliczne-w-posadzimy-pl\/#primaryimage"},"image":{"@id":"https:\/\/posadzimy.pl\/blog\/sadzenie-cykliczne-w-posadzimy-pl\/#primaryimage"},"thumbnailUrl":"https:\/\/posadzimy.pl\/blog\/wp-content\/uploads\/2023\/02\/DSC06720-2-scaled-e1675404591637.jpg","datePublished":"2023-02-03T07:21:57+00:00","dateModified":"2023-10-10T13:51:56+00:00","author":{"@id":"https:\/\/posadzimy.pl\/blog\/#\/schema\/person\/2e575db2d3677040ef5cce5278948e0c"},"description":"Z\u00a0 Posadzimy.pl mo\u017cesz sadzi\u0107, jak tylko chcesz i za co tylko chcesz. Mo\u017cesz posadzi\u0107 1, 2 lub 1ooo drzew jednorazowo lub postawi\u0107 na sadzenie cykliczne i co jaki\u015b czas dodawa\u0107 swoj\u0105 cegie\u0142k\u0119 do poprawy stanu las\u00f3w. Sposob\u00f3w na sadzenie mamy du\u017co! Firmy jednak coraz cz\u0119\u015bciej zaczynaj\u0105 stawia\u0107 na sadzenie cykliczne, kt\u00f3re zapewnia ci\u0105g\u0142y rozw\u00f3j firmy w strategii CSR. Zobacz, jakie mo\u017cliwo\u015bci mo\u017ce przynie\u015b\u0107 dla Twojej firmy sadzenie cykliczne :)","breadcrumb":{"@id":"https:\/\/posadzimy.pl\/blog\/sadzenie-cykliczne-w-posadzimy-pl\/#breadcrumb"},"inLanguage":"pl-PL","potentialAction":[{"@type":"ReadAction","target":["https:\/\/posadzimy.pl\/blog\/sadzenie-cykliczne-w-posadzimy-pl\/"]}]},{"@type":"ImageObject","inLanguage":"pl-PL","@id":"https:\/\/posadzimy.pl\/blog\/sadzenie-cykliczne-w-posadzimy-pl\/#primaryimage","url":"https:\/\/posadzimy.pl\/blog\/wp-content\/uploads\/2023\/02\/DSC06720-2-scaled-e1675404591637.jpg","contentUrl":"https:\/\/posadzimy.pl\/blog\/wp-content\/uploads\/2023\/02\/DSC06720-2-scaled-e1675404591637.jpg","width":1913,"height":921},{"@type":"BreadcrumbList","@id":"https:\/\/posadzimy.pl\/blog\/sadzenie-cykliczne-w-posadzimy-pl\/#breadcrumb","itemListElement":[{"@type":"ListItem","position":1,"name":"Strona g\u0142\u00f3wna","item":"https:\/\/posadzimy.pl\/blog\/"},{"@type":"ListItem","position":2,"name":"Sadzenie cykliczne drzew w Posadzimy.pl"}]},{"@type":"WebSite","@id":"https:\/\/posadzimy.pl\/blog\/#website","url":"https:\/\/posadzimy.pl\/blog\/","name":"Blog Posadzimy.pl","description":"informacje o ekologi, CSR oraz projekcie Posadzimy.pl","potentialAction":[{"@type":"SearchAction","target":{"@type":"EntryPoint","urlTemplate":"https:\/\/posadzimy.pl\/blog\/?s={search_term_string}"},"query-input":{"@type":"PropertyValueSpecification","valueRequired":true,"valueName":"search_term_string"}}],"inLanguage":"pl-PL"},{"@type":"Person","@id":"https:\/\/posadzimy.pl\/blog\/#\/schema\/person\/2e575db2d3677040ef5cce5278948e0c","name":"Daria Niezabitowska","image":{"@type":"ImageObject","inLanguage":"pl-PL","@id":"https:\/\/posadzimy.pl\/blog\/#\/schema\/person\/image\/","url":"https:\/\/posadzimy.pl\/blog\/wp-content\/uploads\/2022\/05\/daria-150x150.png","contentUrl":"https:\/\/posadzimy.pl\/blog\/wp-content\/uploads\/2022\/05\/daria-150x150.png","caption":"Daria Niezabitowska"},"url":"https:\/\/posadzimy.pl\/blog\/autor\/daria\/"}]}},"_links":{"self":[{"href":"https:\/\/posadzimy.pl\/blog\/wp-json\/wp\/v2\/posts\/1469","targetHints":{"allow":["GET"]}}],"collection":[{"href":"https:\/\/posadzimy.pl\/blog\/wp-json\/wp\/v2\/posts"}],"about":[{"href":"https:\/\/posadzimy.pl\/blog\/wp-json\/wp\/v2\/types\/post"}],"author":[{"embeddable":true,"href":"https:\/\/posadzimy.pl\/blog\/wp-json\/wp\/v2\/users\/11"}],"replies":[{"embeddable":true,"href":"https:\/\/posadzimy.pl\/blog\/wp-json\/wp\/v2\/comments?post=1469"}],"version-history":[{"count":14,"href":"https:\/\/posadzimy.pl\/blog\/wp-json\/wp\/v2\/posts\/1469\/revisions"}],"predecessor-version":[{"id":2340,"href":"https:\/\/posadzimy.pl\/blog\/wp-json\/wp\/v2\/posts\/1469\/revisions\/2340"}],"wp:featuredmedia":[{"embeddable":true,"href":"https:\/\/posadzimy.pl\/blog\/wp-json\/wp\/v2\/media\/1477"}],"wp:attachment":[{"href":"https:\/\/posadzimy.pl\/blog\/wp-json\/wp\/v2\/media?parent=1469"}],"wp:term":[{"taxonomy":"category","embeddable":true,"href":"https:\/\/posadzimy.pl\/blog\/wp-json\/wp\/v2\/categories?post=1469"},{"taxonomy":"post_tag","embeddable":true,"href":"https:\/\/posadzimy.pl\/blog\/wp-json\/wp\/v2\/tags?post=1469"}],"curies":[{"name":"wp","href":"https:\/\/api.w.org\/{rel}","templated":true}]}}